{"id":2000,"date":"2018-04-16T21:36:59","date_gmt":"2018-04-16T21:36:59","guid":{"rendered":"https:\/\/autoktono.com\/randy-siles-nombrado-embajador-chef-de-costa-rica-del-cook-chef-institute"},"modified":"2018-04-27T21:40:12","modified_gmt":"2018-04-27T21:40:12","slug":"randy-siles-nombrado-embajador-chef-de-costa-rica-del-cook-chef-institute","status":"publish","type":"post","link":"https:\/\/autoktono.com\/es\/randy-siles-nombrado-embajador-chef-de-costa-rica-del-cook-chef-institute","title":{"rendered":"Randy Siles Nombrado Embajador Chef de Costa Rica del Cook &#038; Chef Institute"},"content":{"rendered":"<p>En el 2018,\u00a0Randy Siles fue nombrado Embajador Chef de Costa Rica del prestigioso Cook &amp; Chef Institute.<\/p>\n<p>El Cook &amp; Chef Institute es una fundaci\u00f3n compuesta por figuras del mundo de la alta cocina internacional y BERGNER que se han unido para compartir el pensamiento estrat\u00e9gico sobre cocina e innovaci\u00f3n tecnol\u00f3gica en utensilios de cocina.<\/p>\n<p data-placeholder=\"Translation\">La misi\u00f3n del\u00a0Cook &amp; Chef Institute es garantizar la innovaci\u00f3n internacional en productos de utensilios de cocina que contribuyan a mejorar las artes culinarias, prestando atenci\u00f3n a la nutrici\u00f3n, la salud y el bienestar de las personas, poniendo a su disposici\u00f3n productos de la mejor calidad.<\/p>\n<p data-placeholder=\"Translation\"><img data-recalc-dims=\"1\" loading=\"lazy\" decoding=\"async\" class=\"alignnone size-full wp-image-1993 aligncenter\" src=\"https:\/\/i0.wp.com\/autoktono.com\/wp-content\/uploads\/2018\/04\/intro_imagen1.png?resize=271%2C193&#038;ssl=1\" alt=\"\" width=\"271\" height=\"193\" \/><\/p>\n","protected":false},"excerpt":{"rendered":"<p>En el 2018,\u00a0Randy Siles fue nombrado Embajador Chef de Costa Rica del prestigioso Cook &amp; Chef Institute. El Cook &amp; Chef Institute es una fundaci\u00f3n compuesta por figuras del mundo de la alta cocina internacional y BERGNER que se han unido para compartir el pensamiento estrat\u00e9gico sobre cocina e innovaci\u00f3n tecnol\u00f3gica en utensilios de cocina. [&hellip;]<\/p>\n","protected":false},"author":1,"featured_media":1998,"comment_status":"closed","ping_status":"open","sticky":false,"template":"","format":"standard","meta":{"_jetpack_memberships_contains_paid_content":false,"footnotes":""},"categories":[30],"tags":[],"class_list":["post-2000","post","type-post","status-publish","format-standard","has-post-thumbnail","hentry","category-cook-on-the-road-es"],"yoast_head":"<!-- This site is optimized with the Yoast SEO plugin v27.5 - https:\/\/yoast.com\/product\/yoast-seo-wordpress\/ -->\n<title>Randy Siles Nombrado Embajador Chef de Costa Rica del Cook &amp; Chef Institute - AUT\u00d3KTONO<\/title>\n<meta name=\"robots\" content=\"index, follow, max-snippet:-1, max-image-preview:large, max-video-preview:-1\" \/>\n<link rel=\"canonical\" href=\"https:\/\/autoktono.com\/es\/randy-siles-nombrado-embajador-chef-de-costa-rica-del-cook-chef-institute\" \/>\n<meta property=\"og:locale\" content=\"es_ES\" \/>\n<meta property=\"og:type\" content=\"article\" \/>\n<meta property=\"og:title\" content=\"Randy Siles Nombrado Embajador Chef de Costa Rica del Cook &amp; Chef Institute - AUT\u00d3KTONO\" \/>\n<meta property=\"og:description\" content=\"En el 2018,\u00a0Randy Siles fue nombrado Embajador Chef de Costa Rica del prestigioso Cook &amp; Chef Institute. El Cook &amp; Chef Institute es una fundaci\u00f3n compuesta por figuras del mundo de la alta cocina internacional y BERGNER que se han unido para compartir el pensamiento estrat\u00e9gico sobre cocina e innovaci\u00f3n tecnol\u00f3gica en utensilios de cocina. [&hellip;]\" \/>\n<meta property=\"og:url\" content=\"https:\/\/autoktono.com\/es\/randy-siles-nombrado-embajador-chef-de-costa-rica-del-cook-chef-institute\" \/>\n<meta property=\"og:site_name\" content=\"AUT\u00d3KTONO\" \/>\n<meta property=\"article:published_time\" content=\"2018-04-16T21:36:59+00:00\" \/>\n<meta property=\"article:modified_time\" content=\"2018-04-27T21:40:12+00:00\" \/>\n<meta property=\"og:image\" content=\"https:\/\/i0.wp.com\/autoktono.com\/wp-content\/uploads\/2018\/04\/quienes.jpg?fit=514%2C405&ssl=1\" \/>\n\t<meta property=\"og:image:width\" content=\"514\" \/>\n\t<meta property=\"og:image:height\" content=\"405\" \/>\n\t<meta property=\"og:image:type\" content=\"image\/jpeg\" \/>\n<meta name=\"author\" content=\"Carlos A. Coriano\" \/>\n<meta name=\"twitter:card\" content=\"summary_large_image\" \/>\n<meta name=\"twitter:label1\" content=\"Escrito por\" \/>\n\t<meta name=\"twitter:data1\" content=\"Carlos A. Coriano\" \/>\n\t<meta name=\"twitter:label2\" content=\"Tiempo de lectura\" \/>\n\t<meta name=\"twitter:data2\" content=\"1 minuto\" \/>\n<script type=\"application\/ld+json\" class=\"yoast-schema-graph\">{\"@context\":\"https:\\\/\\\/schema.org\",\"@graph\":[{\"@type\":\"Article\",\"@id\":\"https:\\\/\\\/autoktono.com\\\/es\\\/randy-siles-nombrado-embajador-chef-de-costa-rica-del-cook-chef-institute#article\",\"isPartOf\":{\"@id\":\"https:\\\/\\\/autoktono.com\\\/es\\\/randy-siles-nombrado-embajador-chef-de-costa-rica-del-cook-chef-institute\"},\"author\":{\"name\":\"Carlos A. Coriano\",\"@id\":\"https:\\\/\\\/autoktono.com\\\/es#\\\/schema\\\/person\\\/38240e5361d81b8a29ce4c7840189470\"},\"headline\":\"Randy Siles Nombrado Embajador Chef de Costa Rica del Cook &#038; Chef Institute\",\"datePublished\":\"2018-04-16T21:36:59+00:00\",\"dateModified\":\"2018-04-27T21:40:12+00:00\",\"mainEntityOfPage\":{\"@id\":\"https:\\\/\\\/autoktono.com\\\/es\\\/randy-siles-nombrado-embajador-chef-de-costa-rica-del-cook-chef-institute\"},\"wordCount\":123,\"publisher\":{\"@id\":\"https:\\\/\\\/autoktono.com\\\/es#organization\"},\"image\":{\"@id\":\"https:\\\/\\\/autoktono.com\\\/es\\\/randy-siles-nombrado-embajador-chef-de-costa-rica-del-cook-chef-institute#primaryimage\"},\"thumbnailUrl\":\"https:\\\/\\\/i0.wp.com\\\/autoktono.com\\\/wp-content\\\/uploads\\\/2018\\\/04\\\/quienes.jpg?fit=514%2C405&ssl=1\",\"articleSection\":[\"Cocinero en Acci\u00f3n\"],\"inLanguage\":\"es\"},{\"@type\":\"WebPage\",\"@id\":\"https:\\\/\\\/autoktono.com\\\/es\\\/randy-siles-nombrado-embajador-chef-de-costa-rica-del-cook-chef-institute\",\"url\":\"https:\\\/\\\/autoktono.com\\\/es\\\/randy-siles-nombrado-embajador-chef-de-costa-rica-del-cook-chef-institute\",\"name\":\"Randy Siles Nombrado Embajador Chef de Costa Rica del Cook & Chef Institute - AUT\u00d3KTONO\",\"isPartOf\":{\"@id\":\"https:\\\/\\\/autoktono.com\\\/es#website\"},\"primaryImageOfPage\":{\"@id\":\"https:\\\/\\\/autoktono.com\\\/es\\\/randy-siles-nombrado-embajador-chef-de-costa-rica-del-cook-chef-institute#primaryimage\"},\"image\":{\"@id\":\"https:\\\/\\\/autoktono.com\\\/es\\\/randy-siles-nombrado-embajador-chef-de-costa-rica-del-cook-chef-institute#primaryimage\"},\"thumbnailUrl\":\"https:\\\/\\\/i0.wp.com\\\/autoktono.com\\\/wp-content\\\/uploads\\\/2018\\\/04\\\/quienes.jpg?fit=514%2C405&ssl=1\",\"datePublished\":\"2018-04-16T21:36:59+00:00\",\"dateModified\":\"2018-04-27T21:40:12+00:00\",\"breadcrumb\":{\"@id\":\"https:\\\/\\\/autoktono.com\\\/es\\\/randy-siles-nombrado-embajador-chef-de-costa-rica-del-cook-chef-institute#breadcrumb\"},\"inLanguage\":\"es\",\"potentialAction\":[{\"@type\":\"ReadAction\",\"target\":[\"https:\\\/\\\/autoktono.com\\\/es\\\/randy-siles-nombrado-embajador-chef-de-costa-rica-del-cook-chef-institute\"]}]},{\"@type\":\"ImageObject\",\"inLanguage\":\"es\",\"@id\":\"https:\\\/\\\/autoktono.com\\\/es\\\/randy-siles-nombrado-embajador-chef-de-costa-rica-del-cook-chef-institute#primaryimage\",\"url\":\"https:\\\/\\\/i0.wp.com\\\/autoktono.com\\\/wp-content\\\/uploads\\\/2018\\\/04\\\/quienes.jpg?fit=514%2C405&ssl=1\",\"contentUrl\":\"https:\\\/\\\/i0.wp.com\\\/autoktono.com\\\/wp-content\\\/uploads\\\/2018\\\/04\\\/quienes.jpg?fit=514%2C405&ssl=1\",\"width\":514,\"height\":405},{\"@type\":\"BreadcrumbList\",\"@id\":\"https:\\\/\\\/autoktono.com\\\/es\\\/randy-siles-nombrado-embajador-chef-de-costa-rica-del-cook-chef-institute#breadcrumb\",\"itemListElement\":[{\"@type\":\"ListItem\",\"position\":1,\"name\":\"Home\",\"item\":\"https:\\\/\\\/autoktono.com\\\/es\"},{\"@type\":\"ListItem\",\"position\":2,\"name\":\"Randy Siles Nombrado Embajador Chef de Costa Rica del Cook &#038; Chef Institute\"}]},{\"@type\":\"WebSite\",\"@id\":\"https:\\\/\\\/autoktono.com\\\/es#website\",\"url\":\"https:\\\/\\\/autoktono.com\\\/es\",\"name\":\"AUT\u00d3KTONO\",\"description\":\"Empowering the New Generation of Coooks\",\"publisher\":{\"@id\":\"https:\\\/\\\/autoktono.com\\\/es#organization\"},\"potentialAction\":[{\"@type\":\"SearchAction\",\"target\":{\"@type\":\"EntryPoint\",\"urlTemplate\":\"https:\\\/\\\/autoktono.com\\\/es?s={search_term_string}\"},\"query-input\":{\"@type\":\"PropertyValueSpecification\",\"valueRequired\":true,\"valueName\":\"search_term_string\"}}],\"inLanguage\":\"es\"},{\"@type\":\"Organization\",\"@id\":\"https:\\\/\\\/autoktono.com\\\/es#organization\",\"name\":\"AUT\u00d3KTONO\",\"url\":\"https:\\\/\\\/autoktono.com\\\/es\",\"logo\":{\"@type\":\"ImageObject\",\"inLanguage\":\"es\",\"@id\":\"https:\\\/\\\/autoktono.com\\\/es#\\\/schema\\\/logo\\\/image\\\/\",\"url\":\"https:\\\/\\\/autoktono.com\\\/wp-content\\\/uploads\\\/2018\\\/10\\\/autoktono-final-logo.png\",\"contentUrl\":\"https:\\\/\\\/autoktono.com\\\/wp-content\\\/uploads\\\/2018\\\/10\\\/autoktono-final-logo.png\",\"width\":900,\"height\":147,\"caption\":\"AUT\u00d3KTONO\"},\"image\":{\"@id\":\"https:\\\/\\\/autoktono.com\\\/es#\\\/schema\\\/logo\\\/image\\\/\"}},{\"@type\":\"Person\",\"@id\":\"https:\\\/\\\/autoktono.com\\\/es#\\\/schema\\\/person\\\/38240e5361d81b8a29ce4c7840189470\",\"name\":\"Carlos A. Coriano\",\"url\":\"https:\\\/\\\/autoktono.com\\\/es\\\/author\\\/cacoriano\"}]}<\/script>\n<!-- \/ Yoast SEO plugin. -->","yoast_head_json":{"title":"Randy Siles Nombrado Embajador Chef de Costa Rica del Cook & Chef Institute - AUT\u00d3KTONO","robots":{"index":"index","follow":"follow","max-snippet":"max-snippet:-1","max-image-preview":"max-image-preview:large","max-video-preview":"max-video-preview:-1"},"canonical":"https:\/\/autoktono.com\/es\/randy-siles-nombrado-embajador-chef-de-costa-rica-del-cook-chef-institute","og_locale":"es_ES","og_type":"article","og_title":"Randy Siles Nombrado Embajador Chef de Costa Rica del Cook & Chef Institute - AUT\u00d3KTONO","og_description":"En el 2018,\u00a0Randy Siles fue nombrado Embajador Chef de Costa Rica del prestigioso Cook &amp; Chef Institute. El Cook &amp; Chef Institute es una fundaci\u00f3n compuesta por figuras del mundo de la alta cocina internacional y BERGNER que se han unido para compartir el pensamiento estrat\u00e9gico sobre cocina e innovaci\u00f3n tecnol\u00f3gica en utensilios de cocina. [&hellip;]","og_url":"https:\/\/autoktono.com\/es\/randy-siles-nombrado-embajador-chef-de-costa-rica-del-cook-chef-institute","og_site_name":"AUT\u00d3KTONO","article_published_time":"2018-04-16T21:36:59+00:00","article_modified_time":"2018-04-27T21:40:12+00:00","og_image":[{"width":514,"height":405,"url":"https:\/\/i0.wp.com\/autoktono.com\/wp-content\/uploads\/2018\/04\/quienes.jpg?fit=514%2C405&ssl=1","type":"image\/jpeg"}],"author":"Carlos A. Coriano","twitter_card":"summary_large_image","twitter_misc":{"Escrito por":"Carlos A. Coriano","Tiempo de lectura":"1 minuto"},"schema":{"@context":"https:\/\/schema.org","@graph":[{"@type":"Article","@id":"https:\/\/autoktono.com\/es\/randy-siles-nombrado-embajador-chef-de-costa-rica-del-cook-chef-institute#article","isPartOf":{"@id":"https:\/\/autoktono.com\/es\/randy-siles-nombrado-embajador-chef-de-costa-rica-del-cook-chef-institute"},"author":{"name":"Carlos A. Coriano","@id":"https:\/\/autoktono.com\/es#\/schema\/person\/38240e5361d81b8a29ce4c7840189470"},"headline":"Randy Siles Nombrado Embajador Chef de Costa Rica del Cook &#038; Chef Institute","datePublished":"2018-04-16T21:36:59+00:00","dateModified":"2018-04-27T21:40:12+00:00","mainEntityOfPage":{"@id":"https:\/\/autoktono.com\/es\/randy-siles-nombrado-embajador-chef-de-costa-rica-del-cook-chef-institute"},"wordCount":123,"publisher":{"@id":"https:\/\/autoktono.com\/es#organization"},"image":{"@id":"https:\/\/autoktono.com\/es\/randy-siles-nombrado-embajador-chef-de-costa-rica-del-cook-chef-institute#primaryimage"},"thumbnailUrl":"https:\/\/i0.wp.com\/autoktono.com\/wp-content\/uploads\/2018\/04\/quienes.jpg?fit=514%2C405&ssl=1","articleSection":["Cocinero en Acci\u00f3n"],"inLanguage":"es"},{"@type":"WebPage","@id":"https:\/\/autoktono.com\/es\/randy-siles-nombrado-embajador-chef-de-costa-rica-del-cook-chef-institute","url":"https:\/\/autoktono.com\/es\/randy-siles-nombrado-embajador-chef-de-costa-rica-del-cook-chef-institute","name":"Randy Siles Nombrado Embajador Chef de Costa Rica del Cook & Chef Institute - AUT\u00d3KTONO","isPartOf":{"@id":"https:\/\/autoktono.com\/es#website"},"primaryImageOfPage":{"@id":"https:\/\/autoktono.com\/es\/randy-siles-nombrado-embajador-chef-de-costa-rica-del-cook-chef-institute#primaryimage"},"image":{"@id":"https:\/\/autoktono.com\/es\/randy-siles-nombrado-embajador-chef-de-costa-rica-del-cook-chef-institute#primaryimage"},"thumbnailUrl":"https:\/\/i0.wp.com\/autoktono.com\/wp-content\/uploads\/2018\/04\/quienes.jpg?fit=514%2C405&ssl=1","datePublished":"2018-04-16T21:36:59+00:00","dateModified":"2018-04-27T21:40:12+00:00","breadcrumb":{"@id":"https:\/\/autoktono.com\/es\/randy-siles-nombrado-embajador-chef-de-costa-rica-del-cook-chef-institute#breadcrumb"},"inLanguage":"es","potentialAction":[{"@type":"ReadAction","target":["https:\/\/autoktono.com\/es\/randy-siles-nombrado-embajador-chef-de-costa-rica-del-cook-chef-institute"]}]},{"@type":"ImageObject","inLanguage":"es","@id":"https:\/\/autoktono.com\/es\/randy-siles-nombrado-embajador-chef-de-costa-rica-del-cook-chef-institute#primaryimage","url":"https:\/\/i0.wp.com\/autoktono.com\/wp-content\/uploads\/2018\/04\/quienes.jpg?fit=514%2C405&ssl=1","contentUrl":"https:\/\/i0.wp.com\/autoktono.com\/wp-content\/uploads\/2018\/04\/quienes.jpg?fit=514%2C405&ssl=1","width":514,"height":405},{"@type":"BreadcrumbList","@id":"https:\/\/autoktono.com\/es\/randy-siles-nombrado-embajador-chef-de-costa-rica-del-cook-chef-institute#breadcrumb","itemListElement":[{"@type":"ListItem","position":1,"name":"Home","item":"https:\/\/autoktono.com\/es"},{"@type":"ListItem","position":2,"name":"Randy Siles Nombrado Embajador Chef de Costa Rica del Cook &#038; Chef Institute"}]},{"@type":"WebSite","@id":"https:\/\/autoktono.com\/es#website","url":"https:\/\/autoktono.com\/es","name":"AUT\u00d3KTONO","description":"Empowering the New Generation of Coooks","publisher":{"@id":"https:\/\/autoktono.com\/es#organization"},"potentialAction":[{"@type":"SearchAction","target":{"@type":"EntryPoint","urlTemplate":"https:\/\/autoktono.com\/es?s={search_term_string}"},"query-input":{"@type":"PropertyValueSpecification","valueRequired":true,"valueName":"search_term_string"}}],"inLanguage":"es"},{"@type":"Organization","@id":"https:\/\/autoktono.com\/es#organization","name":"AUT\u00d3KTONO","url":"https:\/\/autoktono.com\/es","logo":{"@type":"ImageObject","inLanguage":"es","@id":"https:\/\/autoktono.com\/es#\/schema\/logo\/image\/","url":"https:\/\/autoktono.com\/wp-content\/uploads\/2018\/10\/autoktono-final-logo.png","contentUrl":"https:\/\/autoktono.com\/wp-content\/uploads\/2018\/10\/autoktono-final-logo.png","width":900,"height":147,"caption":"AUT\u00d3KTONO"},"image":{"@id":"https:\/\/autoktono.com\/es#\/schema\/logo\/image\/"}},{"@type":"Person","@id":"https:\/\/autoktono.com\/es#\/schema\/person\/38240e5361d81b8a29ce4c7840189470","name":"Carlos A. Coriano","url":"https:\/\/autoktono.com\/es\/author\/cacoriano"}]}},"jetpack_featured_media_url":"https:\/\/i0.wp.com\/autoktono.com\/wp-content\/uploads\/2018\/04\/quienes.jpg?fit=514%2C405&ssl=1","jetpack-related-posts":[],"jetpack_sharing_enabled":true,"_links":{"self":[{"href":"https:\/\/autoktono.com\/es\/wp-json\/wp\/v2\/posts\/2000","targetHints":{"allow":["GET"]}}],"collection":[{"href":"https:\/\/autoktono.com\/es\/wp-json\/wp\/v2\/posts"}],"about":[{"href":"https:\/\/autoktono.com\/es\/wp-json\/wp\/v2\/types\/post"}],"author":[{"embeddable":true,"href":"https:\/\/autoktono.com\/es\/wp-json\/wp\/v2\/users\/1"}],"replies":[{"embeddable":true,"href":"https:\/\/autoktono.com\/es\/wp-json\/wp\/v2\/comments?post=2000"}],"version-history":[{"count":3,"href":"https:\/\/autoktono.com\/es\/wp-json\/wp\/v2\/posts\/2000\/revisions"}],"predecessor-version":[{"id":2004,"href":"https:\/\/autoktono.com\/es\/wp-json\/wp\/v2\/posts\/2000\/revisions\/2004"}],"wp:featuredmedia":[{"embeddable":true,"href":"https:\/\/autoktono.com\/es\/wp-json\/wp\/v2\/media\/1998"}],"wp:attachment":[{"href":"https:\/\/autoktono.com\/es\/wp-json\/wp\/v2\/media?parent=2000"}],"wp:term":[{"taxonomy":"category","embeddable":true,"href":"https:\/\/autoktono.com\/es\/wp-json\/wp\/v2\/categories?post=2000"},{"taxonomy":"post_tag","embeddable":true,"href":"https:\/\/autoktono.com\/es\/wp-json\/wp\/v2\/tags?post=2000"}],"curies":[{"name":"wp","href":"https:\/\/api.w.org\/{rel}","templated":true}]}}