{"id":2239,"date":"2018-09-06T14:53:49","date_gmt":"2018-09-06T14:53:49","guid":{"rendered":"https:\/\/autoktono.com\/chefs-richard-neat-and-randy-siles-degustacion-4-manos"},"modified":"2018-10-24T23:57:15","modified_gmt":"2018-10-24T23:57:15","slug":"chefs-richard-neat-and-randy-siles-degustacion-4-manos","status":"publish","type":"post","link":"https:\/\/autoktono.com\/es\/chefs-richard-neat-and-randy-siles-degustacion-4-manos","title":{"rendered":"Chefs Richard Neat and Randy Siles: Degustaci\u00f3n A 4 Manos"},"content":{"rendered":"<div id=\"tw-target-text-container\" class=\"gsrt tw-ta-container tw-nfl\">\n<p id=\"tw-target-text\" class=\"tw-data-text tw-ta tw-text-small\" dir=\"ltr\" data-placeholder=\"Translation\"><span lang=\"es\">El 9 de agosto, Randy Siles exhibi\u00f3 su brillantez culinaria junto a su mentor, Richard Neat. La cena culinaria \u00ab4 Manos\u00bb incluir\u00e1 un men\u00fa de degustaci\u00f3n de cuatro platos en el exclusivo lugar de Neat, Park Caf\u00e9. Si se pierde esta experiencia gastron\u00f3mica \u00fanica, habr\u00e1 una segunda oportunidad el 27 de noviembre en el Hotel Tropico Latino en Santa Teresa. Salud!<\/span><\/p>\n<p>&nbsp;<\/p>\n<p>SOBRE LOS CHEFS<\/p>\n<p>El brit\u00e1nico Richard Neat, cofundador de Pied \u00e0 Terre en Londres con David Moore en 1991, es aclamado como uno de los mejores chefs de su generaci\u00f3n. Despu\u00e9s de obtener dos estrellas Michelin para el legendario restaurante londinense en 1996, Neat decidi\u00f3 irse y viajar por el mundo para perfeccionar sus habilidades trabajando en cocinas en India, Cannes, Mosc\u00fa y Marruecos. Despu\u00e9s de abrir restaurantes en todo el mundo, en 2006, se estableci\u00f3 en Costa Rica, donde dirige el exclusivo restaurante de 16 coberturas, Park Caf\u00e9 en San Jos\u00e9.<\/p>\n<p>Randy Siles, Chef Embajador del Plan Nacional de Gastronom\u00eda Sostenible y Saludable de Costa Rica, fue recientemente ingresado en el prestigioso Club Internacional Les Toques Blanches en Francia, convirti\u00e9ndose en el primer chef de las Am\u00e9ricas en unirse a este club de \u00e9lite. Este a\u00f1o, Randy tambi\u00e9n fue nombrado Chef Embajador para Costa Rica del prestigioso Instituto Cook &amp; Chef. Randy es tambi\u00e9n el Chef Ejecutivo del Hotel Tropico Latino y cofundador de la \u00abAcademia Artesanos de la Gastronom\u00eda\u00bb, una organizaci\u00f3n sin fines de lucro nacida en Santa Teresa, Costa Rica con la misi\u00f3n de identificar, capacitar, desarrollar y facilitar la colocaci\u00f3n de j\u00f3venes talentosos en riesgo de comunidades desfavorecidas en la mano de obra laboral gastron\u00f3mica.<\/p>\n<\/div>\n","protected":false},"excerpt":{"rendered":"<p>El 9 de agosto, Randy Siles exhibi\u00f3 su brillantez culinaria junto a su mentor, Richard Neat. La cena culinaria \u00ab4 Manos\u00bb incluir\u00e1 un men\u00fa de degustaci\u00f3n de cuatro platos en el exclusivo lugar de Neat, Park Caf\u00e9. Si se pierde esta experiencia gastron\u00f3mica \u00fanica, habr\u00e1 una segunda oportunidad el 27 de noviembre en el Hotel [&hellip;]<\/p>\n","protected":false},"author":1,"featured_media":2238,"comment_status":"closed","ping_status":"open","sticky":false,"template":"","format":"standard","meta":{"_jetpack_memberships_contains_paid_content":false,"footnotes":""},"categories":[30],"tags":[],"class_list":["post-2239","post","type-post","status-publish","format-standard","has-post-thumbnail","hentry","category-cook-on-the-road-es"],"yoast_head":"<!-- This site is optimized with the Yoast SEO plugin v27.5 - https:\/\/yoast.com\/product\/yoast-seo-wordpress\/ -->\n<title>Chefs Richard Neat and Randy Siles: Degustaci\u00f3n A 4 Manos - AUT\u00d3KTONO<\/title>\n<meta name=\"robots\" content=\"index, follow, max-snippet:-1, max-image-preview:large, max-video-preview:-1\" \/>\n<link rel=\"canonical\" href=\"https:\/\/autoktono.com\/es\/chefs-richard-neat-and-randy-siles-degustacion-4-manos\" \/>\n<meta property=\"og:locale\" content=\"es_ES\" \/>\n<meta property=\"og:type\" content=\"article\" \/>\n<meta property=\"og:title\" content=\"Chefs Richard Neat and Randy Siles: Degustaci\u00f3n A 4 Manos - AUT\u00d3KTONO\" \/>\n<meta property=\"og:description\" content=\"El 9 de agosto, Randy Siles exhibi\u00f3 su brillantez culinaria junto a su mentor, Richard Neat. La cena culinaria \u00ab4 Manos\u00bb incluir\u00e1 un men\u00fa de degustaci\u00f3n de cuatro platos en el exclusivo lugar de Neat, Park Caf\u00e9. Si se pierde esta experiencia gastron\u00f3mica \u00fanica, habr\u00e1 una segunda oportunidad el 27 de noviembre en el Hotel [&hellip;]\" \/>\n<meta property=\"og:url\" content=\"https:\/\/autoktono.com\/es\/chefs-richard-neat-and-randy-siles-degustacion-4-manos\" \/>\n<meta property=\"og:site_name\" content=\"AUT\u00d3KTONO\" \/>\n<meta property=\"article:published_time\" content=\"2018-09-06T14:53:49+00:00\" \/>\n<meta property=\"article:modified_time\" content=\"2018-10-24T23:57:15+00:00\" \/>\n<meta property=\"og:image\" content=\"https:\/\/i0.wp.com\/autoktono.com\/wp-content\/uploads\/2018\/09\/neat.jpg?fit=872%2C433&ssl=1\" \/>\n\t<meta property=\"og:image:width\" content=\"872\" \/>\n\t<meta property=\"og:image:height\" content=\"433\" \/>\n\t<meta property=\"og:image:type\" content=\"image\/jpeg\" \/>\n<meta name=\"author\" content=\"Carlos A. Coriano\" \/>\n<meta name=\"twitter:card\" content=\"summary_large_image\" \/>\n<meta name=\"twitter:label1\" content=\"Escrito por\" \/>\n\t<meta name=\"twitter:data1\" content=\"Carlos A. Coriano\" \/>\n\t<meta name=\"twitter:label2\" content=\"Tiempo de lectura\" \/>\n\t<meta name=\"twitter:data2\" content=\"1 minuto\" \/>\n<script type=\"application\/ld+json\" class=\"yoast-schema-graph\">{\"@context\":\"https:\\\/\\\/schema.org\",\"@graph\":[{\"@type\":\"Article\",\"@id\":\"https:\\\/\\\/autoktono.com\\\/es\\\/chefs-richard-neat-and-randy-siles-degustacion-4-manos#article\",\"isPartOf\":{\"@id\":\"https:\\\/\\\/autoktono.com\\\/es\\\/chefs-richard-neat-and-randy-siles-degustacion-4-manos\"},\"author\":{\"name\":\"Carlos A. Coriano\",\"@id\":\"https:\\\/\\\/autoktono.com\\\/es#\\\/schema\\\/person\\\/38240e5361d81b8a29ce4c7840189470\"},\"headline\":\"Chefs Richard Neat and Randy Siles: Degustaci\u00f3n A 4 Manos\",\"datePublished\":\"2018-09-06T14:53:49+00:00\",\"dateModified\":\"2018-10-24T23:57:15+00:00\",\"mainEntityOfPage\":{\"@id\":\"https:\\\/\\\/autoktono.com\\\/es\\\/chefs-richard-neat-and-randy-siles-degustacion-4-manos\"},\"wordCount\":291,\"publisher\":{\"@id\":\"https:\\\/\\\/autoktono.com\\\/es#organization\"},\"image\":{\"@id\":\"https:\\\/\\\/autoktono.com\\\/es\\\/chefs-richard-neat-and-randy-siles-degustacion-4-manos#primaryimage\"},\"thumbnailUrl\":\"https:\\\/\\\/i0.wp.com\\\/autoktono.com\\\/wp-content\\\/uploads\\\/2018\\\/09\\\/neat.jpg?fit=872%2C433&ssl=1\",\"articleSection\":[\"Cocinero en Acci\u00f3n\"],\"inLanguage\":\"es\"},{\"@type\":\"WebPage\",\"@id\":\"https:\\\/\\\/autoktono.com\\\/es\\\/chefs-richard-neat-and-randy-siles-degustacion-4-manos\",\"url\":\"https:\\\/\\\/autoktono.com\\\/es\\\/chefs-richard-neat-and-randy-siles-degustacion-4-manos\",\"name\":\"Chefs Richard Neat and Randy Siles: Degustaci\u00f3n A 4 Manos - AUT\u00d3KTONO\",\"isPartOf\":{\"@id\":\"https:\\\/\\\/autoktono.com\\\/es#website\"},\"primaryImageOfPage\":{\"@id\":\"https:\\\/\\\/autoktono.com\\\/es\\\/chefs-richard-neat-and-randy-siles-degustacion-4-manos#primaryimage\"},\"image\":{\"@id\":\"https:\\\/\\\/autoktono.com\\\/es\\\/chefs-richard-neat-and-randy-siles-degustacion-4-manos#primaryimage\"},\"thumbnailUrl\":\"https:\\\/\\\/i0.wp.com\\\/autoktono.com\\\/wp-content\\\/uploads\\\/2018\\\/09\\\/neat.jpg?fit=872%2C433&ssl=1\",\"datePublished\":\"2018-09-06T14:53:49+00:00\",\"dateModified\":\"2018-10-24T23:57:15+00:00\",\"breadcrumb\":{\"@id\":\"https:\\\/\\\/autoktono.com\\\/es\\\/chefs-richard-neat-and-randy-siles-degustacion-4-manos#breadcrumb\"},\"inLanguage\":\"es\",\"potentialAction\":[{\"@type\":\"ReadAction\",\"target\":[\"https:\\\/\\\/autoktono.com\\\/es\\\/chefs-richard-neat-and-randy-siles-degustacion-4-manos\"]}]},{\"@type\":\"ImageObject\",\"inLanguage\":\"es\",\"@id\":\"https:\\\/\\\/autoktono.com\\\/es\\\/chefs-richard-neat-and-randy-siles-degustacion-4-manos#primaryimage\",\"url\":\"https:\\\/\\\/i0.wp.com\\\/autoktono.com\\\/wp-content\\\/uploads\\\/2018\\\/09\\\/neat.jpg?fit=872%2C433&ssl=1\",\"contentUrl\":\"https:\\\/\\\/i0.wp.com\\\/autoktono.com\\\/wp-content\\\/uploads\\\/2018\\\/09\\\/neat.jpg?fit=872%2C433&ssl=1\",\"width\":872,\"height\":433},{\"@type\":\"BreadcrumbList\",\"@id\":\"https:\\\/\\\/autoktono.com\\\/es\\\/chefs-richard-neat-and-randy-siles-degustacion-4-manos#breadcrumb\",\"itemListElement\":[{\"@type\":\"ListItem\",\"position\":1,\"name\":\"Home\",\"item\":\"https:\\\/\\\/autoktono.com\\\/es\"},{\"@type\":\"ListItem\",\"position\":2,\"name\":\"Chefs Richard Neat and Randy Siles: Degustaci\u00f3n A 4 Manos\"}]},{\"@type\":\"WebSite\",\"@id\":\"https:\\\/\\\/autoktono.com\\\/es#website\",\"url\":\"https:\\\/\\\/autoktono.com\\\/es\",\"name\":\"AUT\u00d3KTONO\",\"description\":\"Empowering the New Generation of Coooks\",\"publisher\":{\"@id\":\"https:\\\/\\\/autoktono.com\\\/es#organization\"},\"potentialAction\":[{\"@type\":\"SearchAction\",\"target\":{\"@type\":\"EntryPoint\",\"urlTemplate\":\"https:\\\/\\\/autoktono.com\\\/es?s={search_term_string}\"},\"query-input\":{\"@type\":\"PropertyValueSpecification\",\"valueRequired\":true,\"valueName\":\"search_term_string\"}}],\"inLanguage\":\"es\"},{\"@type\":\"Organization\",\"@id\":\"https:\\\/\\\/autoktono.com\\\/es#organization\",\"name\":\"AUT\u00d3KTONO\",\"url\":\"https:\\\/\\\/autoktono.com\\\/es\",\"logo\":{\"@type\":\"ImageObject\",\"inLanguage\":\"es\",\"@id\":\"https:\\\/\\\/autoktono.com\\\/es#\\\/schema\\\/logo\\\/image\\\/\",\"url\":\"https:\\\/\\\/autoktono.com\\\/wp-content\\\/uploads\\\/2018\\\/10\\\/autoktono-final-logo.png\",\"contentUrl\":\"https:\\\/\\\/autoktono.com\\\/wp-content\\\/uploads\\\/2018\\\/10\\\/autoktono-final-logo.png\",\"width\":900,\"height\":147,\"caption\":\"AUT\u00d3KTONO\"},\"image\":{\"@id\":\"https:\\\/\\\/autoktono.com\\\/es#\\\/schema\\\/logo\\\/image\\\/\"}},{\"@type\":\"Person\",\"@id\":\"https:\\\/\\\/autoktono.com\\\/es#\\\/schema\\\/person\\\/38240e5361d81b8a29ce4c7840189470\",\"name\":\"Carlos A. Coriano\",\"url\":\"https:\\\/\\\/autoktono.com\\\/es\\\/author\\\/cacoriano\"}]}<\/script>\n<!-- \/ Yoast SEO plugin. -->","yoast_head_json":{"title":"Chefs Richard Neat and Randy Siles: Degustaci\u00f3n A 4 Manos - AUT\u00d3KTONO","robots":{"index":"index","follow":"follow","max-snippet":"max-snippet:-1","max-image-preview":"max-image-preview:large","max-video-preview":"max-video-preview:-1"},"canonical":"https:\/\/autoktono.com\/es\/chefs-richard-neat-and-randy-siles-degustacion-4-manos","og_locale":"es_ES","og_type":"article","og_title":"Chefs Richard Neat and Randy Siles: Degustaci\u00f3n A 4 Manos - AUT\u00d3KTONO","og_description":"El 9 de agosto, Randy Siles exhibi\u00f3 su brillantez culinaria junto a su mentor, Richard Neat. La cena culinaria \u00ab4 Manos\u00bb incluir\u00e1 un men\u00fa de degustaci\u00f3n de cuatro platos en el exclusivo lugar de Neat, Park Caf\u00e9. Si se pierde esta experiencia gastron\u00f3mica \u00fanica, habr\u00e1 una segunda oportunidad el 27 de noviembre en el Hotel [&hellip;]","og_url":"https:\/\/autoktono.com\/es\/chefs-richard-neat-and-randy-siles-degustacion-4-manos","og_site_name":"AUT\u00d3KTONO","article_published_time":"2018-09-06T14:53:49+00:00","article_modified_time":"2018-10-24T23:57:15+00:00","og_image":[{"width":872,"height":433,"url":"https:\/\/i0.wp.com\/autoktono.com\/wp-content\/uploads\/2018\/09\/neat.jpg?fit=872%2C433&ssl=1","type":"image\/jpeg"}],"author":"Carlos A. Coriano","twitter_card":"summary_large_image","twitter_misc":{"Escrito por":"Carlos A. Coriano","Tiempo de lectura":"1 minuto"},"schema":{"@context":"https:\/\/schema.org","@graph":[{"@type":"Article","@id":"https:\/\/autoktono.com\/es\/chefs-richard-neat-and-randy-siles-degustacion-4-manos#article","isPartOf":{"@id":"https:\/\/autoktono.com\/es\/chefs-richard-neat-and-randy-siles-degustacion-4-manos"},"author":{"name":"Carlos A. Coriano","@id":"https:\/\/autoktono.com\/es#\/schema\/person\/38240e5361d81b8a29ce4c7840189470"},"headline":"Chefs Richard Neat and Randy Siles: Degustaci\u00f3n A 4 Manos","datePublished":"2018-09-06T14:53:49+00:00","dateModified":"2018-10-24T23:57:15+00:00","mainEntityOfPage":{"@id":"https:\/\/autoktono.com\/es\/chefs-richard-neat-and-randy-siles-degustacion-4-manos"},"wordCount":291,"publisher":{"@id":"https:\/\/autoktono.com\/es#organization"},"image":{"@id":"https:\/\/autoktono.com\/es\/chefs-richard-neat-and-randy-siles-degustacion-4-manos#primaryimage"},"thumbnailUrl":"https:\/\/i0.wp.com\/autoktono.com\/wp-content\/uploads\/2018\/09\/neat.jpg?fit=872%2C433&ssl=1","articleSection":["Cocinero en Acci\u00f3n"],"inLanguage":"es"},{"@type":"WebPage","@id":"https:\/\/autoktono.com\/es\/chefs-richard-neat-and-randy-siles-degustacion-4-manos","url":"https:\/\/autoktono.com\/es\/chefs-richard-neat-and-randy-siles-degustacion-4-manos","name":"Chefs Richard Neat and Randy Siles: Degustaci\u00f3n A 4 Manos - AUT\u00d3KTONO","isPartOf":{"@id":"https:\/\/autoktono.com\/es#website"},"primaryImageOfPage":{"@id":"https:\/\/autoktono.com\/es\/chefs-richard-neat-and-randy-siles-degustacion-4-manos#primaryimage"},"image":{"@id":"https:\/\/autoktono.com\/es\/chefs-richard-neat-and-randy-siles-degustacion-4-manos#primaryimage"},"thumbnailUrl":"https:\/\/i0.wp.com\/autoktono.com\/wp-content\/uploads\/2018\/09\/neat.jpg?fit=872%2C433&ssl=1","datePublished":"2018-09-06T14:53:49+00:00","dateModified":"2018-10-24T23:57:15+00:00","breadcrumb":{"@id":"https:\/\/autoktono.com\/es\/chefs-richard-neat-and-randy-siles-degustacion-4-manos#breadcrumb"},"inLanguage":"es","potentialAction":[{"@type":"ReadAction","target":["https:\/\/autoktono.com\/es\/chefs-richard-neat-and-randy-siles-degustacion-4-manos"]}]},{"@type":"ImageObject","inLanguage":"es","@id":"https:\/\/autoktono.com\/es\/chefs-richard-neat-and-randy-siles-degustacion-4-manos#primaryimage","url":"https:\/\/i0.wp.com\/autoktono.com\/wp-content\/uploads\/2018\/09\/neat.jpg?fit=872%2C433&ssl=1","contentUrl":"https:\/\/i0.wp.com\/autoktono.com\/wp-content\/uploads\/2018\/09\/neat.jpg?fit=872%2C433&ssl=1","width":872,"height":433},{"@type":"BreadcrumbList","@id":"https:\/\/autoktono.com\/es\/chefs-richard-neat-and-randy-siles-degustacion-4-manos#breadcrumb","itemListElement":[{"@type":"ListItem","position":1,"name":"Home","item":"https:\/\/autoktono.com\/es"},{"@type":"ListItem","position":2,"name":"Chefs Richard Neat and Randy Siles: Degustaci\u00f3n A 4 Manos"}]},{"@type":"WebSite","@id":"https:\/\/autoktono.com\/es#website","url":"https:\/\/autoktono.com\/es","name":"AUT\u00d3KTONO","description":"Empowering the New Generation of Coooks","publisher":{"@id":"https:\/\/autoktono.com\/es#organization"},"potentialAction":[{"@type":"SearchAction","target":{"@type":"EntryPoint","urlTemplate":"https:\/\/autoktono.com\/es?s={search_term_string}"},"query-input":{"@type":"PropertyValueSpecification","valueRequired":true,"valueName":"search_term_string"}}],"inLanguage":"es"},{"@type":"Organization","@id":"https:\/\/autoktono.com\/es#organization","name":"AUT\u00d3KTONO","url":"https:\/\/autoktono.com\/es","logo":{"@type":"ImageObject","inLanguage":"es","@id":"https:\/\/autoktono.com\/es#\/schema\/logo\/image\/","url":"https:\/\/autoktono.com\/wp-content\/uploads\/2018\/10\/autoktono-final-logo.png","contentUrl":"https:\/\/autoktono.com\/wp-content\/uploads\/2018\/10\/autoktono-final-logo.png","width":900,"height":147,"caption":"AUT\u00d3KTONO"},"image":{"@id":"https:\/\/autoktono.com\/es#\/schema\/logo\/image\/"}},{"@type":"Person","@id":"https:\/\/autoktono.com\/es#\/schema\/person\/38240e5361d81b8a29ce4c7840189470","name":"Carlos A. Coriano","url":"https:\/\/autoktono.com\/es\/author\/cacoriano"}]}},"jetpack_featured_media_url":"https:\/\/i0.wp.com\/autoktono.com\/wp-content\/uploads\/2018\/09\/neat.jpg?fit=872%2C433&ssl=1","jetpack-related-posts":[],"jetpack_sharing_enabled":true,"_links":{"self":[{"href":"https:\/\/autoktono.com\/es\/wp-json\/wp\/v2\/posts\/2239","targetHints":{"allow":["GET"]}}],"collection":[{"href":"https:\/\/autoktono.com\/es\/wp-json\/wp\/v2\/posts"}],"about":[{"href":"https:\/\/autoktono.com\/es\/wp-json\/wp\/v2\/types\/post"}],"author":[{"embeddable":true,"href":"https:\/\/autoktono.com\/es\/wp-json\/wp\/v2\/users\/1"}],"replies":[{"embeddable":true,"href":"https:\/\/autoktono.com\/es\/wp-json\/wp\/v2\/comments?post=2239"}],"version-history":[{"count":3,"href":"https:\/\/autoktono.com\/es\/wp-json\/wp\/v2\/posts\/2239\/revisions"}],"predecessor-version":[{"id":2612,"href":"https:\/\/autoktono.com\/es\/wp-json\/wp\/v2\/posts\/2239\/revisions\/2612"}],"wp:featuredmedia":[{"embeddable":true,"href":"https:\/\/autoktono.com\/es\/wp-json\/wp\/v2\/media\/2238"}],"wp:attachment":[{"href":"https:\/\/autoktono.com\/es\/wp-json\/wp\/v2\/media?parent=2239"}],"wp:term":[{"taxonomy":"category","embeddable":true,"href":"https:\/\/autoktono.com\/es\/wp-json\/wp\/v2\/categories?post=2239"},{"taxonomy":"post_tag","embeddable":true,"href":"https:\/\/autoktono.com\/es\/wp-json\/wp\/v2\/tags?post=2239"}],"curies":[{"name":"wp","href":"https:\/\/api.w.org\/{rel}","templated":true}]}}